[{"@context":"https:\/\/schema.org\/","@type":"Article","@id":"https:\/\/www.belea.sk\/kultura-slovenska\/#Article","mainEntityOfPage":"https:\/\/www.belea.sk\/kultura-slovenska\/","headline":"Kult\u00fara Slovenska","name":"Kult\u00fara Slovenska","description":"Do kult\u00fary sa daj\u00fa zaradi\u0165 r\u00f4zne oblasti, trad\u00edcie, pamiatky, v\u00fdrobky, tance, piesne a\u00a0mnoho \u010fal\u0161\u00edch. V\u0161etci vieme, \u017ee kult\u00farne prvky m\u00f4\u017eu by\u0165 hmotn\u00e9 alebo nehmotn\u00e9, ktor\u00e9 vznikli v\u00a0minul\u00fdch gener\u00e1ci\u00e1ch a\u00a0traduj\u00fa sa do dnes. S\u00fa bu\u010f n\u00e1u\u010dn\u00e9 a\u00a0zdie\u013ea sa m\u00fadros\u0165 na\u0161ich predkov alebo to m\u00f4\u017ee by\u0165 hrad, ktor\u00fd dok\u00e1\u017ee svojou kr\u00e1sou p\u00fd\u0161i\u0165 Slovensko. Dnes si zop\u00e1r z\u00a0nich","datePublished":"2017-05-29","dateModified":"2017-05-29","author":{"@type":"Person","@id":"https:\/\/www.belea.sk\/author\/#Person","name":"","url":"https:\/\/www.belea.sk\/author\/","identifier":1,"image":{"@type":"ImageObject","@id":"https:\/\/secure.gravatar.com\/avatar\/16435f0a6c9262449b9ebb39f63178cd65c54b09f931b6f84682f48086e3d763?s=96&d=mm&r=g","url":"https:\/\/secure.gravatar.com\/avatar\/16435f0a6c9262449b9ebb39f63178cd65c54b09f931b6f84682f48086e3d763?s=96&d=mm&r=g","height":96,"width":96}},"publisher":{"@type":"Organization","name":"belea.sk","logo":{"@type":"ImageObject","@id":"\/logo.png","url":"\/logo.png","width":600,"height":60}},"image":{"@type":"ImageObject","@id":"https:\/\/www.belea.sk\/wp-content\/uploads\/img_a281917_w16466_t1501282516.jpg","url":"https:\/\/www.belea.sk\/wp-content\/uploads\/img_a281917_w16466_t1501282516.jpg","height":0,"width":0},"url":"https:\/\/www.belea.sk\/kultura-slovenska\/","wordCount":502,"articleBody":"Do kult\u00fary sa daj\u00fa zaradi\u0165 r\u00f4zne oblasti, trad\u00edcie, pamiatky, v\u00fdrobky, tance, piesne a\u00a0mnoho \u010fal\u0161\u00edch. V\u0161etci vieme, \u017ee kult\u00farne prvky m\u00f4\u017eu by\u0165 hmotn\u00e9 alebo nehmotn\u00e9, ktor\u00e9 vznikli v\u00a0minul\u00fdch gener\u00e1ci\u00e1ch a\u00a0traduj\u00fa sa do dnes. S\u00fa bu\u010f n\u00e1u\u010dn\u00e9 a\u00a0zdie\u013ea sa m\u00fadros\u0165 na\u0161ich predkov alebo to m\u00f4\u017ee by\u0165 hrad, ktor\u00fd dok\u00e1\u017ee svojou kr\u00e1sou p\u00fd\u0161i\u0165 Slovensko. Dnes si zop\u00e1r z\u00a0nich predstav\u00edme a\u00a0dozvieme sa nie\u010do o\u00a0na\u0161ich kult\u00farnych pamiatkach.\tTrad\u00edcieTrad\u00edcie alebo zvyky s\u00fa pre n\u00e1s nie\u010do, \u010d\u00edm si pripom\u00edname na\u0161e sviatky, ale hlavne si pripom\u00edname na\u0161ich star\u00fdch otcov a\u00a0matky, ktor\u00e9 n\u00e1s toto v\u0161etko nau\u010dili. Trad\u00edcie na Slovensku s\u00fa r\u00f4zne, dokonca v\u00a0ka\u017edom jednom regi\u00f3ne odli\u0161n\u00e9. Napriek snah\u00e1m na\u0161ich star\u00fdch rodi\u010dov n\u00e1s nau\u010di\u0165 nie\u010do o\u00a0ich zvykoch po\u010das sviatkov alebo udalostiach v\u00a0roku, sme \u010doraz viac \u201cmodernej\u0161\u00ed\u201c\u00a0 a\u00a0zab\u00fadame na trad\u00edcie, ktor\u00e9 n\u00e1m zanechali predkovia. Medzi trad\u00edcie Slovenska, ktor\u00e9 st\u00e1le praktikujeme, patr\u00ed napr\u00edklad:\u00a0\u00a0\u00a01.\u00a0 Oblieva\u010dka \u2013 Ka\u017ed\u00fd rok na Ve\u013ekono\u010dn\u00fd pondelok oblievaj\u00fa ml\u00e1denci ich\u00a0\u00a0\u00a0\u00a0\u00a0\u00a0\u00a0\u00a0\u00a0\u00a0 \u00a0\u00a0\u00a0diev\u010dence, aby boli cel\u00fd rok zdrav\u00e9, \u0161\u0165astn\u00e9 a\u00a0hlavne pekn\u00e9!2.\u00a0 Stavanie M\u00e1ju \u2013 Ka\u017ed\u00fd rok 1. m\u00e1ja stavali ml\u00e1denci smrek alebo jedli\u010dku pred dom, o\u00a0ktor\u00fa mal ml\u00e1denec z\u00e1ujem. Po postaven\u00ed strom\u010deku nastala tancova\u010dka so v\u0161etk\u00fdmi diev\u010dencami v\u00a0dome. T\u00e1to trad\u00edcia u\u00a0n\u00e1s v\u0161ak u\u017e ve\u013emi nefunguje.3.\u00a0 Vianoce \u2013 T\u00fdmto zvykom si \u013eudia pripom\u00ednaj\u00fa narodenie Je\u017ei\u0161a Krista. S\u00fa to dni pln\u00e9 hojnosti a\u00a0radosti. Vianoce patria medzi najkraj\u0161ie trad\u00edcie, ktor\u00e9 sa u\u00a0n\u00e1s zachovali.\tFolkl\u00f3rFolkl\u00f3r je na Slovensku najv\u00e4\u010d\u0161ou p\u00fdchou. Ka\u017ed\u00fd regi\u00f3n m\u00e1 svoj vlastn\u00fd typick\u00fd folkl\u00f3r, do ktor\u00e9ho patr\u00ed kroj, tanec a\u00a0hudba. Na Slovensku s\u00fa doteraz r\u00f4zne folkl\u00f3rne skupiny, ktor\u00e9 tento zvyk dodr\u017eiavaj\u00fa a\u00a0vystupuj\u00fa v\u00a0krojoch po r\u00f4znych \u010dastiach Slovenska. Tance s\u00fa sprev\u00e1dzan\u00e9 tradi\u010dnou hudbou.\tPamiatkyNa Slovensku m\u00e1me pamiatky, ktor\u00e9 s\u00fa bu\u010f pod ochranou UNESCO &#8211; Zoznam svetov\u00e9ho kult\u00farneho dedi\u010dstva alebo pamiatky, ktor\u00e9 boli vyhl\u00e1sen\u00e9 Slovensk\u00fdm ministerstvom. Medzi n\u00e1rodn\u00e9 kult\u00farne pamiatky patr\u00ed napr\u00edklad: D\u00f3m sv. Al\u017ebety, D\u00f3m sv. Martina, hrad Dev\u00edn,&#8230;\u00a0Medzi pamiatky, ktor\u00e9 patria pod UNESCO, patr\u00ed napr\u00edklad:1.\u00a0\u00a0\u00a0\u00a0\u00a0\u00a0 \u00a0Vlkol\u00ednec &#8211; M\u00fazeum slovenskej dediny alebo inak skanzen, ktor\u00fd bol do Zoznamu svetov\u00e9ho dedi\u010dstva UNESCO zap\u00edsan\u00fd v\u00a0roku 1993.\u00a02.\u00a0\u00a0\u00a0\u00a0\u00a0\u00a0 Spi\u0161sk\u00fd hrad\u2013 Do Zoznamu svetov\u00e9ho dedi\u010dstva UNESCO bol taktie\u017e zap\u00edsan\u00fd v\u00a0roku 1993. Medzi pamiatku UNESCO nepatr\u00ed len samotn\u00fd hrad, ale aj r\u00f4zne kult\u00farne pamiatky okolo neho. Spi\u0161sk\u00fd hrad patr\u00ed medzi najv\u00e4\u010d\u0161ie v\u00a0strednej Eur\u00f3pe a\u00a0ur\u010dite stoj\u00ed za n\u00e1v\u0161tevu!\u00a0                                                                                                                                                                                                                                                                                                                                                                                        4.2\/5 - (17 votes)        "},{"@context":"https:\/\/schema.org\/","@type":"BreadcrumbList","itemListElement":[{"@type":"ListItem","position":1,"name":"Kult\u00fara Slovenska","item":"https:\/\/www.belea.sk\/kultura-slovenska\/#breadcrumbitem"}]}]