[{"@context":"https:\/\/schema.org\/","@type":"Article","@id":"https:\/\/www.belea.sk\/zahrada-pri-dome\/#Article","mainEntityOfPage":"https:\/\/www.belea.sk\/zahrada-pri-dome\/","headline":"Z\u00e1hrada pri dome","name":"Z\u00e1hrada pri dome","description":"\u00a0V\u00a0moje z\u00e1hrade pri dome m\u00e1m : Ovocn\u00e9 stromy, Kvety Skalku Udr\u017eiavan\u00fd tr\u00e1vnik Zeleninov\u00fa hriadku Bylinkov\u00e9 ostrov\u010deky Pre m\u0148a s\u00fa v\u0161etky \u010dasti rovnako milovan\u00fdmi. Stromy ovocn\u00e9 m\u00e1m iba dva, jablo\u0148 a\u00a0slivku. Viac sa mi \u017eia\u013e do mini z\u00e1hrady nezmestilo. Aj tak milujem na jar mno\u017estvo kveto, ktor\u00e9 sa objavia na t\u00fdchto mojich stromoch. S\u00fa pastvou pre","datePublished":"2018-09-12","dateModified":"2018-09-12","author":{"@type":"Person","@id":"https:\/\/www.belea.sk\/author\/#Person","name":"","url":"https:\/\/www.belea.sk\/author\/","identifier":1,"image":{"@type":"ImageObject","@id":"https:\/\/secure.gravatar.com\/avatar\/16435f0a6c9262449b9ebb39f63178cd65c54b09f931b6f84682f48086e3d763?s=96&d=mm&r=g","url":"https:\/\/secure.gravatar.com\/avatar\/16435f0a6c9262449b9ebb39f63178cd65c54b09f931b6f84682f48086e3d763?s=96&d=mm&r=g","height":96,"width":96}},"publisher":{"@type":"Organization","name":"belea.sk","logo":{"@type":"ImageObject","@id":"\/logo.png","url":"\/logo.png","width":600,"height":60}},"image":{"@type":"ImageObject","@id":"https:\/\/www.belea.sk\/wp-content\/uploads\/img_a293227_w16625_t1542042285.jpg","url":"https:\/\/www.belea.sk\/wp-content\/uploads\/img_a293227_w16625_t1542042285.jpg","height":0,"width":0},"url":"https:\/\/www.belea.sk\/zahrada-pri-dome\/","wordCount":406,"articleBody":"\t\u00a0V\u00a0moje z\u00e1hrade pri dome m\u00e1m :\t\t\tOvocn\u00e9 stromy,\t\tKvety\t\tSkalku\t\tUdr\u017eiavan\u00fd tr\u00e1vnik\t\tZeleninov\u00fa hriadku\t\tBylinkov\u00e9 ostrov\u010dekyPre m\u0148a s\u00fa v\u0161etky \u010dasti rovnako milovan\u00fdmi. Stromy ovocn\u00e9 m\u00e1m iba dva, jablo\u0148 a\u00a0slivku. Viac sa mi \u017eia\u013e do mini z\u00e1hrady nezmestilo. Aj tak milujem na jar mno\u017estvo kveto, ktor\u00e9 sa objavia na t\u00fdchto mojich stromoch. S\u00fa pastvou pre o\u010di. L\u00e1kaj\u00fa mno\u017estvo v\u010diel a\u00a0vt\u00e1\u010dikov. R\u00e1no ma zob\u00fadza spev operencov, ktor\u00ed u\u017e obdivuj\u00fa kvetn\u00fa kr\u00e1su stromov a\u00a0spolu so mnou sa te\u0161ia aj na \u00farodu. Starostlivo\u00a0 likviduj\u00fa \u0161kodcov, ktor\u00ed si tie\u017e br\u00fasia zuby na moje ovocie.Kvety s\u00fa farebn\u00fdm kobercom. Nem\u00e1m ich vysaden\u00e9 v\u00a0hriadkach, ale iba tak \u2013sem tam- na r\u00f4znych miestach a\u00a0k\u00fatoch. V\u00a0r\u00f4znych ve\u013ekostiach a\u00a0farb\u00e1ch a\u00a0s\u00a0r\u00f4znou dobou kvitnutia. Tak sa moje oko te\u0161ilo \u010do najdlh\u0161ie z\u00a0kr\u00e1sy a\u00a0v\u00f4ne kvetov. T\u00fdm \u017ee je z\u00e1hradka mal\u00e1 s\u00fa naozaj vyu\u017eit\u00e9 v\u0161etky mo\u017ene aj nemo\u017en\u00e9 z\u00e1kutia. Rohy z\u00e1hrady, miesto pri smetnom ko\u0161i, cesti\u010dka k\u00a0domu , \u010di \u0161k\u00e1ra na susedovom plote, kde sa n\u00e1dherne vyn\u00edma m\u00f4j bre\u010dtan a\u00a0skr\u00e1\u0161\u013euje tak poh\u013ead na nev\u00e1bny m\u00far.Mal\u00e1 skalka bola vytvoren\u00e1 v\u00a0d\u00f4sledku nerovnosti povrchu z\u00e1hrady pri dome. Vyu\u017eila som to teda vo svoj prospech a\u00a0pre pote\u0161enie okoloid\u00facich i\u00a0moje vlastn\u00e9.\u010co by som to bola za gazdin\u00fa, keby som nemala:\t\tCibu\u013eku\t\tMrkvi\u010dku\t\tPetr\u017elen\t\tKaler\u00e1b\t\tAle aj cuketu, tu milujeme v\u0161etciPri lavi\u010dke v\u00a0z\u00e1hradke mi\u00a0 na jednom rohu rozvoniava materin\u00e1 d\u00fa\u0161ka a\u00a0na druhom pamajor\u00e1n. Milujem \u010daj z\u00a0t\u00fdchto byl\u00edn. V\u00a0sez\u00f3ne nikdy veru nekupujem \u010daj v\u00a0obchode. Moje bylinky ma z\u00e1sobia mno\u017estvom kvetov a\u00a0z\u00a0nich pripraven\u00fdch \u010dajov.Pri plote m\u00e1m aj zasaden\u00fa m\u00e4tu prieporn\u00fa. Ke\u010f pr\u00edde n\u00e1v\u0161teva do mojej\u00a0 z\u00e1hrady, v\u017edy veru pon\u00faknem\u00a0 m\u00f4j lik\u00e9r z\u00a0m\u00e4ty, alebo poh\u00e1r vody s\u00a0dom\u00e1cim m\u00e4tov\u00fdm sirupom, ozdoben\u00fd pl\u00e1tkom citrusu a\u00a0l\u00edsto\u010dkom \u010derstvej m\u00e4ty.M\u00e1m rada moju z\u00e1hradu a\u00a0miluj\u00fa ju aj moji priatelia, ktor\u00ed s\u00fa v\u00a0nej v\u017edy v\u00edtan\u00ed.                                                                                                                                                                                                                                                                                                                                                                                        4.7\/5 - (12 votes)        "},{"@context":"https:\/\/schema.org\/","@type":"BreadcrumbList","itemListElement":[{"@type":"ListItem","position":1,"name":"Z\u00e1hrada pri dome","item":"https:\/\/www.belea.sk\/zahrada-pri-dome\/#breadcrumbitem"}]}]